{"id":5562,"date":"2013-05-07T21:41:36","date_gmt":"2013-05-07T21:41:36","guid":{"rendered":"http:\/\/feracheval.ca\/5562\/finally-the-fishing-season-is-now-open\/"},"modified":"2013-05-07T21:41:36","modified_gmt":"2013-05-07T21:41:36","slug":"finally-the-fishing-season-is-now-open","status":"publish","type":"post","link":"https:\/\/feracheval.ca\/en\/finally-the-fishing-season-is-now-open\/","title":{"rendered":"Finally&#8230;the fishing season is now open!"},"content":{"rendered":"<p><a href=\"https:\/\/feracheval.ca\/wp-content\/uploads\/2012\/05\/Sentier7.jpg\"><img loading=\"lazy\" decoding=\"async\" class=\"alignleft size-thumbnail wp-image-1146\" title=\"foret-enneig\u00e9es-hautes-laurentides\" alt=\"foret-enneig\u00e9es-hautes-laurentides\" src=\"https:\/\/feracheval.ca\/wp-content\/uploads\/2012\/05\/Sentier7-150x150.jpg\" width=\"150\" height=\"150\" \/><\/a> This spring, snow and ice made \u200b\u200bit difficult for us to clean and open the trails inside the territory.<\/p>\n<p>We have doubled our efforts for the site preparation and grounds to ensure access to land and stay for our customers.<\/p>\n<p><a href=\"https:\/\/feracheval.ca\/wp-content\/uploads\/2012\/05\/orignal_4.jpg\"><img loading=\"lazy\" decoding=\"async\" class=\"alignright size-thumbnail wp-image-520\" title=\"orignaux pourvoirie fer a cheval hautes-laurentides\" alt=\"orignaux pourvoirie fer a cheval hautes-laurentides\" src=\"https:\/\/feracheval.ca\/wp-content\/uploads\/2012\/05\/orignal_4-150x150.jpg\" width=\"150\" height=\"150\" \/><\/a>The lake water is still very cold, making feisty trout and walleye is somewhat slow.<\/p>\n<p>We have also begun the work on the moose&#8217;s saline and bears will have their treat shortly in mid-May.<\/p>\n<p>In summary, although we are two weeks behind schedule compared to last year, we hope that Mother Nature cooperates to help us meet our deadlines!<\/p>\n<div id=\"attachment_3368\" style=\"width: 310px\" class=\"wp-caption alignleft\"><a href=\"https:\/\/feracheval.ca\/wp-content\/uploads\/2013\/03\/pourvoirie-fer-a-cheval-chalet-cougar-14.jpg\"><img loading=\"lazy\" decoding=\"async\" aria-describedby=\"caption-attachment-3368\" class=\"size-medium wp-image-3368\" title=\"chalet cougar pourvoirie fer a cheval hautes-laurentides\" alt=\"chalet cougar pourvoirie fer a cheval hautes-laurentides\" src=\"https:\/\/feracheval.ca\/wp-content\/uploads\/2013\/03\/pourvoirie-fer-a-cheval-chalet-cougar-14-300x225.jpg\" width=\"300\" height=\"225\" srcset=\"https:\/\/feracheval.ca\/wp-content\/uploads\/2013\/03\/pourvoirie-fer-a-cheval-chalet-cougar-14-300x225.jpg 300w, https:\/\/feracheval.ca\/wp-content\/uploads\/2013\/03\/pourvoirie-fer-a-cheval-chalet-cougar-14.jpg 600w\" sizes=\"auto, (max-width: 300px) 100vw, 300px\" \/><\/a><p id=\"caption-attachment-3368\" class=\"wp-caption-text\">Chalet Cougar<\/p><\/div>\n<p>In this environment respectful of ecological awareness, we offer memorable stays in comfortable rustic cabins, charming VIP rooms and condos coupled with eceptional gourmet food experience.<\/p>\n<p>Come relax in the tranquility of our magnificent forests around the lodge which is located in the Upper Laurentians.<\/p>\n<p>Colorful flora and rich fauna contributes to the diversity of spectacular landscapes, and makes the Outfitter Fer A Cheval a paradise for lovers of hunting, fishing and outdoor sports!<\/p>\n<p><a href=\"https:\/\/feracheval.ca\/wp-content\/uploads\/2012\/11\/shore-lunch-sanimax-pourvoirie-fer-a-cheval-02.jpg\"><img loading=\"lazy\" decoding=\"async\" class=\"alignright size-thumbnail wp-image-2979\" title=\"shore lunch pourvoirie fer a cheval hautes laurentides dor\u00e9 brochet\" alt=\"shore lunch pourvoirie fer a cheval hautes laurentides dor\u00e9 brochet\" src=\"https:\/\/feracheval.ca\/wp-content\/uploads\/2012\/11\/shore-lunch-sanimax-pourvoirie-fer-a-cheval-02-150x150.jpg\" width=\"150\" height=\"150\" \/><\/a><br \/>\n<strong>Reward yourself and book your package today by calling us at (819) 667-2525 or to send us an email, click <a title=\"Contact us\" href=\"\/?page_id=746\">here<\/a>. Hurry to avoid being disappointed!<\/strong><\/p>\n<p>Have a great season and see you soon,<\/p>\n<p>Francois Thouin and team.<\/p>\n<div id=\"attachment_2598\" style=\"width: 415px\" class=\"wp-caption aligncenter\"><a href=\"https:\/\/feracheval.ca\/wp-content\/uploads\/2012\/05\/Google-Map-Direction-Fer-A-Cheval.jpg\"><img loading=\"lazy\" decoding=\"async\" aria-describedby=\"caption-attachment-2598\" class=\"size-medium wp-image-2598\" title=\"Google Map Direction Pourvoirie Fer A Cheval Hautes-Laurentides PQ\" alt=\"Google Map Direction Pourvoirie Fer A Cheval Hautes-Laurentides PQ\" src=\"https:\/\/feracheval.ca\/wp-content\/uploads\/2012\/05\/Google-Map-Direction-Fer-A-Cheval-300x199.jpg\" width=\"405\" height=\"269\" srcset=\"https:\/\/feracheval.ca\/wp-content\/uploads\/2012\/05\/Google-Map-Direction-Fer-A-Cheval-300x199.jpg 300w, https:\/\/feracheval.ca\/wp-content\/uploads\/2012\/05\/Google-Map-Direction-Fer-A-Cheval.jpg 672w\" sizes=\"auto, (max-width: 405px) 100vw, 405px\" \/><\/a><p id=\"caption-attachment-2598\" class=\"wp-caption-text\">Click on the image to enlarge.<\/p><\/div>\n<hr \/>\n","protected":false},"excerpt":{"rendered":"<p>This spring, snow and ice made \u200b\u200bit difficult for us to clean and open the trails inside the territory. We have doubled our efforts for the site preparation and grounds to ensure access to land and stay for our customers. The lake water is still very cold, making feisty trout and walleye is somewhat slow. [&hellip;]<\/p>\n","protected":false},"author":1,"featured_media":0,"comment_status":"open","ping_status":"open","sticky":false,"template":"","format":"standard","meta":{"_et_pb_use_builder":"","_et_pb_old_content":"","_monsterinsights_skip_tracking":false,"_monsterinsights_sitenote_active":false,"_monsterinsights_sitenote_note":"","_monsterinsights_sitenote_category":0,"ngg_post_thumbnail":0,"footnotes":""},"categories":[458],"tags":[],"class_list":["post-5562","post","type-post","status-publish","format-standard","hentry","category-news"],"yoast_head":"<!-- This site is optimized with the Yoast SEO plugin v27.5 - https:\/\/yoast.com\/product\/yoast-seo-wordpress\/ -->\n<title>Finally...the fishing season is now open! - My Site<\/title>\n<meta name=\"robots\" content=\"index, follow, max-snippet:-1, max-image-preview:large, max-video-preview:-1\" \/>\n<link rel=\"canonical\" href=\"https:\/\/feracheval.ca\/en\/finally-the-fishing-season-is-now-open\/\" \/>\n<meta property=\"og:locale\" content=\"en_US\" \/>\n<meta property=\"og:type\" content=\"article\" \/>\n<meta property=\"og:title\" content=\"Finally...the fishing season is now open! - My Site\" \/>\n<meta property=\"og:description\" content=\"This spring, snow and ice made \u200b\u200bit difficult for us to clean and open the trails inside the territory. We have doubled our efforts for the site preparation and grounds to ensure access to land and stay for our customers. The lake water is still very cold, making feisty trout and walleye is somewhat slow. [&hellip;]\" \/>\n<meta property=\"og:url\" content=\"https:\/\/feracheval.ca\/en\/finally-the-fishing-season-is-now-open\/\" \/>\n<meta property=\"og:site_name\" content=\"My Site\" \/>\n<meta property=\"article:published_time\" content=\"2013-05-07T21:41:36+00:00\" \/>\n<meta property=\"og:image\" content=\"https:\/\/feracheval.ca\/wp-content\/uploads\/2012\/05\/Sentier7-150x150.jpg\" \/>\n<meta name=\"author\" content=\"FrancoisT\" \/>\n<meta name=\"twitter:card\" content=\"summary_large_image\" \/>\n<meta name=\"twitter:label1\" content=\"Written by\" \/>\n\t<meta name=\"twitter:data1\" content=\"FrancoisT\" \/>\n\t<meta name=\"twitter:label2\" content=\"Est. reading time\" \/>\n\t<meta name=\"twitter:data2\" content=\"1 minute\" \/>\n<script type=\"application\/ld+json\" class=\"yoast-schema-graph\">{\"@context\":\"https:\\\/\\\/schema.org\",\"@graph\":[{\"@type\":\"Article\",\"@id\":\"https:\\\/\\\/feracheval.ca\\\/en\\\/finally-the-fishing-season-is-now-open\\\/#article\",\"isPartOf\":{\"@id\":\"https:\\\/\\\/feracheval.ca\\\/en\\\/finally-the-fishing-season-is-now-open\\\/\"},\"author\":{\"name\":\"FrancoisT\",\"@id\":\"https:\\\/\\\/feracheval.ca\\\/en\\\/#\\\/schema\\\/person\\\/79e9dc3ffe513e42a0c0bdcd329544c7\"},\"headline\":\"Finally&#8230;the fishing season is now open!\",\"datePublished\":\"2013-05-07T21:41:36+00:00\",\"mainEntityOfPage\":{\"@id\":\"https:\\\/\\\/feracheval.ca\\\/en\\\/finally-the-fishing-season-is-now-open\\\/\"},\"wordCount\":239,\"commentCount\":0,\"image\":{\"@id\":\"https:\\\/\\\/feracheval.ca\\\/en\\\/finally-the-fishing-season-is-now-open\\\/#primaryimage\"},\"thumbnailUrl\":\"https:\\\/\\\/feracheval.ca\\\/wp-content\\\/uploads\\\/2012\\\/05\\\/Sentier7-150x150.jpg\",\"articleSection\":[\"News\"],\"inLanguage\":\"en-US\",\"potentialAction\":[{\"@type\":\"CommentAction\",\"name\":\"Comment\",\"target\":[\"https:\\\/\\\/feracheval.ca\\\/en\\\/finally-the-fishing-season-is-now-open\\\/#respond\"]}]},{\"@type\":\"WebPage\",\"@id\":\"https:\\\/\\\/feracheval.ca\\\/en\\\/finally-the-fishing-season-is-now-open\\\/\",\"url\":\"https:\\\/\\\/feracheval.ca\\\/en\\\/finally-the-fishing-season-is-now-open\\\/\",\"name\":\"Finally...the fishing season is now open! - My Site\",\"isPartOf\":{\"@id\":\"https:\\\/\\\/feracheval.ca\\\/en\\\/#website\"},\"primaryImageOfPage\":{\"@id\":\"https:\\\/\\\/feracheval.ca\\\/en\\\/finally-the-fishing-season-is-now-open\\\/#primaryimage\"},\"image\":{\"@id\":\"https:\\\/\\\/feracheval.ca\\\/en\\\/finally-the-fishing-season-is-now-open\\\/#primaryimage\"},\"thumbnailUrl\":\"https:\\\/\\\/feracheval.ca\\\/wp-content\\\/uploads\\\/2012\\\/05\\\/Sentier7-150x150.jpg\",\"datePublished\":\"2013-05-07T21:41:36+00:00\",\"author\":{\"@id\":\"https:\\\/\\\/feracheval.ca\\\/en\\\/#\\\/schema\\\/person\\\/79e9dc3ffe513e42a0c0bdcd329544c7\"},\"breadcrumb\":{\"@id\":\"https:\\\/\\\/feracheval.ca\\\/en\\\/finally-the-fishing-season-is-now-open\\\/#breadcrumb\"},\"inLanguage\":\"en-US\",\"potentialAction\":[{\"@type\":\"ReadAction\",\"target\":[\"https:\\\/\\\/feracheval.ca\\\/en\\\/finally-the-fishing-season-is-now-open\\\/\"]}]},{\"@type\":\"ImageObject\",\"inLanguage\":\"en-US\",\"@id\":\"https:\\\/\\\/feracheval.ca\\\/en\\\/finally-the-fishing-season-is-now-open\\\/#primaryimage\",\"url\":\"https:\\\/\\\/feracheval.ca\\\/wp-content\\\/uploads\\\/2012\\\/05\\\/Sentier7-150x150.jpg\",\"contentUrl\":\"https:\\\/\\\/feracheval.ca\\\/wp-content\\\/uploads\\\/2012\\\/05\\\/Sentier7-150x150.jpg\"},{\"@type\":\"BreadcrumbList\",\"@id\":\"https:\\\/\\\/feracheval.ca\\\/en\\\/finally-the-fishing-season-is-now-open\\\/#breadcrumb\",\"itemListElement\":[{\"@type\":\"ListItem\",\"position\":1,\"name\":\"Accueil\",\"item\":\"https:\\\/\\\/feracheval.ca\\\/en\\\/\"},{\"@type\":\"ListItem\",\"position\":2,\"name\":\"Finally&#8230;the fishing season is now open!\"}]},{\"@type\":\"WebSite\",\"@id\":\"https:\\\/\\\/feracheval.ca\\\/en\\\/#website\",\"url\":\"https:\\\/\\\/feracheval.ca\\\/en\\\/\",\"name\":\"My Site\",\"description\":\"Du r\u00eave \u00e0 la r\u00e9alit\u00e9\",\"potentialAction\":[{\"@type\":\"SearchAction\",\"target\":{\"@type\":\"EntryPoint\",\"urlTemplate\":\"https:\\\/\\\/feracheval.ca\\\/en\\\/?s={search_term_string}\"},\"query-input\":{\"@type\":\"PropertyValueSpecification\",\"valueRequired\":true,\"valueName\":\"search_term_string\"}}],\"inLanguage\":\"en-US\"},{\"@type\":\"Person\",\"@id\":\"https:\\\/\\\/feracheval.ca\\\/en\\\/#\\\/schema\\\/person\\\/79e9dc3ffe513e42a0c0bdcd329544c7\",\"name\":\"FrancoisT\",\"image\":{\"@type\":\"ImageObject\",\"inLanguage\":\"en-US\",\"@id\":\"https:\\\/\\\/secure.gravatar.com\\\/avatar\\\/78fcb16a5a5e6b589d17a3c91da842e3aac1b8053c66523a4839c152fb773d7f?s=96&d=mm&r=g\",\"url\":\"https:\\\/\\\/secure.gravatar.com\\\/avatar\\\/78fcb16a5a5e6b589d17a3c91da842e3aac1b8053c66523a4839c152fb773d7f?s=96&d=mm&r=g\",\"contentUrl\":\"https:\\\/\\\/secure.gravatar.com\\\/avatar\\\/78fcb16a5a5e6b589d17a3c91da842e3aac1b8053c66523a4839c152fb773d7f?s=96&d=mm&r=g\",\"caption\":\"FrancoisT\"},\"url\":\"https:\\\/\\\/feracheval.ca\\\/en\\\/author\\\/francoist\\\/\"}]}<\/script>\n<!-- \/ Yoast SEO plugin. -->","yoast_head_json":{"title":"Finally...the fishing season is now open! - My Site","robots":{"index":"index","follow":"follow","max-snippet":"max-snippet:-1","max-image-preview":"max-image-preview:large","max-video-preview":"max-video-preview:-1"},"canonical":"https:\/\/feracheval.ca\/en\/finally-the-fishing-season-is-now-open\/","og_locale":"en_US","og_type":"article","og_title":"Finally...the fishing season is now open! - My Site","og_description":"This spring, snow and ice made \u200b\u200bit difficult for us to clean and open the trails inside the territory. We have doubled our efforts for the site preparation and grounds to ensure access to land and stay for our customers. The lake water is still very cold, making feisty trout and walleye is somewhat slow. [&hellip;]","og_url":"https:\/\/feracheval.ca\/en\/finally-the-fishing-season-is-now-open\/","og_site_name":"My Site","article_published_time":"2013-05-07T21:41:36+00:00","og_image":[{"url":"https:\/\/feracheval.ca\/wp-content\/uploads\/2012\/05\/Sentier7-150x150.jpg","type":"","width":"","height":""}],"author":"FrancoisT","twitter_card":"summary_large_image","twitter_misc":{"Written by":"FrancoisT","Est. reading time":"1 minute"},"schema":{"@context":"https:\/\/schema.org","@graph":[{"@type":"Article","@id":"https:\/\/feracheval.ca\/en\/finally-the-fishing-season-is-now-open\/#article","isPartOf":{"@id":"https:\/\/feracheval.ca\/en\/finally-the-fishing-season-is-now-open\/"},"author":{"name":"FrancoisT","@id":"https:\/\/feracheval.ca\/en\/#\/schema\/person\/79e9dc3ffe513e42a0c0bdcd329544c7"},"headline":"Finally&#8230;the fishing season is now open!","datePublished":"2013-05-07T21:41:36+00:00","mainEntityOfPage":{"@id":"https:\/\/feracheval.ca\/en\/finally-the-fishing-season-is-now-open\/"},"wordCount":239,"commentCount":0,"image":{"@id":"https:\/\/feracheval.ca\/en\/finally-the-fishing-season-is-now-open\/#primaryimage"},"thumbnailUrl":"https:\/\/feracheval.ca\/wp-content\/uploads\/2012\/05\/Sentier7-150x150.jpg","articleSection":["News"],"inLanguage":"en-US","potentialAction":[{"@type":"CommentAction","name":"Comment","target":["https:\/\/feracheval.ca\/en\/finally-the-fishing-season-is-now-open\/#respond"]}]},{"@type":"WebPage","@id":"https:\/\/feracheval.ca\/en\/finally-the-fishing-season-is-now-open\/","url":"https:\/\/feracheval.ca\/en\/finally-the-fishing-season-is-now-open\/","name":"Finally...the fishing season is now open! - My Site","isPartOf":{"@id":"https:\/\/feracheval.ca\/en\/#website"},"primaryImageOfPage":{"@id":"https:\/\/feracheval.ca\/en\/finally-the-fishing-season-is-now-open\/#primaryimage"},"image":{"@id":"https:\/\/feracheval.ca\/en\/finally-the-fishing-season-is-now-open\/#primaryimage"},"thumbnailUrl":"https:\/\/feracheval.ca\/wp-content\/uploads\/2012\/05\/Sentier7-150x150.jpg","datePublished":"2013-05-07T21:41:36+00:00","author":{"@id":"https:\/\/feracheval.ca\/en\/#\/schema\/person\/79e9dc3ffe513e42a0c0bdcd329544c7"},"breadcrumb":{"@id":"https:\/\/feracheval.ca\/en\/finally-the-fishing-season-is-now-open\/#breadcrumb"},"inLanguage":"en-US","potentialAction":[{"@type":"ReadAction","target":["https:\/\/feracheval.ca\/en\/finally-the-fishing-season-is-now-open\/"]}]},{"@type":"ImageObject","inLanguage":"en-US","@id":"https:\/\/feracheval.ca\/en\/finally-the-fishing-season-is-now-open\/#primaryimage","url":"https:\/\/feracheval.ca\/wp-content\/uploads\/2012\/05\/Sentier7-150x150.jpg","contentUrl":"https:\/\/feracheval.ca\/wp-content\/uploads\/2012\/05\/Sentier7-150x150.jpg"},{"@type":"BreadcrumbList","@id":"https:\/\/feracheval.ca\/en\/finally-the-fishing-season-is-now-open\/#breadcrumb","itemListElement":[{"@type":"ListItem","position":1,"name":"Accueil","item":"https:\/\/feracheval.ca\/en\/"},{"@type":"ListItem","position":2,"name":"Finally&#8230;the fishing season is now open!"}]},{"@type":"WebSite","@id":"https:\/\/feracheval.ca\/en\/#website","url":"https:\/\/feracheval.ca\/en\/","name":"My Site","description":"Du r\u00eave \u00e0 la r\u00e9alit\u00e9","potentialAction":[{"@type":"SearchAction","target":{"@type":"EntryPoint","urlTemplate":"https:\/\/feracheval.ca\/en\/?s={search_term_string}"},"query-input":{"@type":"PropertyValueSpecification","valueRequired":true,"valueName":"search_term_string"}}],"inLanguage":"en-US"},{"@type":"Person","@id":"https:\/\/feracheval.ca\/en\/#\/schema\/person\/79e9dc3ffe513e42a0c0bdcd329544c7","name":"FrancoisT","image":{"@type":"ImageObject","inLanguage":"en-US","@id":"https:\/\/secure.gravatar.com\/avatar\/78fcb16a5a5e6b589d17a3c91da842e3aac1b8053c66523a4839c152fb773d7f?s=96&d=mm&r=g","url":"https:\/\/secure.gravatar.com\/avatar\/78fcb16a5a5e6b589d17a3c91da842e3aac1b8053c66523a4839c152fb773d7f?s=96&d=mm&r=g","contentUrl":"https:\/\/secure.gravatar.com\/avatar\/78fcb16a5a5e6b589d17a3c91da842e3aac1b8053c66523a4839c152fb773d7f?s=96&d=mm&r=g","caption":"FrancoisT"},"url":"https:\/\/feracheval.ca\/en\/author\/francoist\/"}]}},"_links":{"self":[{"href":"https:\/\/feracheval.ca\/en\/wp-json\/wp\/v2\/posts\/5562","targetHints":{"allow":["GET"]}}],"collection":[{"href":"https:\/\/feracheval.ca\/en\/wp-json\/wp\/v2\/posts"}],"about":[{"href":"https:\/\/feracheval.ca\/en\/wp-json\/wp\/v2\/types\/post"}],"author":[{"embeddable":true,"href":"https:\/\/feracheval.ca\/en\/wp-json\/wp\/v2\/users\/1"}],"replies":[{"embeddable":true,"href":"https:\/\/feracheval.ca\/en\/wp-json\/wp\/v2\/comments?post=5562"}],"version-history":[{"count":0,"href":"https:\/\/feracheval.ca\/en\/wp-json\/wp\/v2\/posts\/5562\/revisions"}],"wp:attachment":[{"href":"https:\/\/feracheval.ca\/en\/wp-json\/wp\/v2\/media?parent=5562"}],"wp:term":[{"taxonomy":"category","embeddable":true,"href":"https:\/\/feracheval.ca\/en\/wp-json\/wp\/v2\/categories?post=5562"},{"taxonomy":"post_tag","embeddable":true,"href":"https:\/\/feracheval.ca\/en\/wp-json\/wp\/v2\/tags?post=5562"}],"curies":[{"name":"wp","href":"https:\/\/api.w.org\/{rel}","templated":true}]}}