{"id":5658,"date":"2013-09-26T13:18:33","date_gmt":"2013-09-26T17:18:33","guid":{"rendered":"http:\/\/feracheval.ca\/5658\/salon-national-du-quad-in-ste-hyacinthe-september-27-29-2013\/"},"modified":"2017-03-04T14:12:39","modified_gmt":"2017-03-04T19:12:39","slug":"salon-national-du-quad-in-ste-hyacinthe-september-27-29-2013","status":"publish","type":"post","link":"https:\/\/feracheval.ca\/en\/salon-national-du-quad-in-ste-hyacinthe-september-27-29-2013\/","title":{"rendered":"Salon National du Quad in Ste-Hyacinthe September 27-29, 2013"},"content":{"rendered":"<h2><a href=\"https:\/\/feracheval.ca\/wp-content\/uploads\/2013\/09\/google-map-salon-national-du-quad-ste-hyacinthe.png\"><img loading=\"lazy\" decoding=\"async\" class=\"alignleft size-full wp-image-4455\" alt=\"google-map-salon-national-du-quad-ste-hyacinthe\" src=\"https:\/\/feracheval.ca\/wp-content\/uploads\/2013\/09\/google-map-salon-national-du-quad-ste-hyacinthe.png\" width=\"272\" height=\"193\" \/><\/a><strong>Salon National du Quad in Ste-Hyacinthe September 27-29, 2013<\/strong><\/h2>\n<p><strong> Come visit our booth at the Salon National du Quad to be held in Ste-Hyacinthe this week-end to make sure to take your dream to reality!<br \/>\n<\/strong><br \/>\n<a href=\"https:\/\/feracheval.ca\/wp-content\/uploads\/2013\/05\/vtt-quad-tq13-trail-feracheval-pourvoirie-hautes-laurentides-1000.jpg\"><img loading=\"lazy\" decoding=\"async\" class=\"alignright size-medium wp-image-3605\" alt=\"vtt-quad-tq13-trail-feracheval-pourvoirie-hautes-laurentides\" src=\"https:\/\/feracheval.ca\/wp-content\/uploads\/2013\/05\/vtt-quad-tq13-trail-feracheval-pourvoirie-hautes-laurentides-1000-300x172.jpg\" width=\"300\" height=\"172\" srcset=\"https:\/\/feracheval.ca\/wp-content\/uploads\/2013\/05\/vtt-quad-tq13-trail-feracheval-pourvoirie-hautes-laurentides-1000-300x172.jpg 300w, https:\/\/feracheval.ca\/wp-content\/uploads\/2013\/05\/vtt-quad-tq13-trail-feracheval-pourvoirie-hautes-laurentides-1000.jpg 1000w\" sizes=\"auto, (max-width: 300px) 100vw, 300px\" \/><\/a><br \/>\n<strong> Take advantage of our special prices and the chance to win a night for 2 in our 4 star Inn, including breakfast and gourmet dinner.<\/strong><\/p>\n<p><strong> Outfitter Fer A Cheval\u00a0 team&#8217;s awaits you there with pleasure. <\/strong><\/p>\n<p>\u00a0<\/p>\n<p><img loading=\"lazy\" decoding=\"async\" class=\"aligncenter size-large wp-image-2334\" alt=\"randonne-quad-vtt-hautes-laurentides\" src=\"https:\/\/feracheval.ca\/wp-content\/uploads\/2012\/07\/IMG_0191-1024x768.jpg\" width=\"756\" height=\"567\" srcset=\"https:\/\/feracheval.ca\/wp-content\/uploads\/2012\/07\/IMG_0191-1024x768.jpg 1024w, https:\/\/feracheval.ca\/wp-content\/uploads\/2012\/07\/IMG_0191-300x225.jpg 300w, https:\/\/feracheval.ca\/wp-content\/uploads\/2012\/07\/IMG_0191.jpg 1600w\" sizes=\"auto, (max-width: 756px) 100vw, 756px\" \/><\/p>\n<p>Exhibition all about ATVs, &#8220;side by side&#8221; vehicles and off-road motorcycles, as well as related products and services: clothes, accessories, insurance, security, maintenance products, and recreational tourism activities.<\/p>\n<hr \/>\n<p style=\"text-align: center;\"><a href=\"https:\/\/feracheval.ca\/wp-content\/uploads\/2013\/09\/SalonduQuad2013-Affiche.jpg\"><img loading=\"lazy\" decoding=\"async\" class=\"aligncenter size-full wp-image-4452\" alt=\"SalonduQuad2013-Affiche\" src=\"https:\/\/feracheval.ca\/wp-content\/uploads\/2013\/09\/SalonduQuad2013-Affiche.jpg\" width=\"540\" height=\"720\" srcset=\"https:\/\/feracheval.ca\/wp-content\/uploads\/2013\/09\/SalonduQuad2013-Affiche.jpg 540w, https:\/\/feracheval.ca\/wp-content\/uploads\/2013\/09\/SalonduQuad2013-Affiche-225x300.jpg 225w\" sizes=\"auto, (max-width: 540px) 100vw, 540px\" \/><\/a><\/p>\n<p style=\"text-align: center;\"><strong>Location:.<\/strong> <strong> BMO Centre, 2730 Avenue Beauparlant, Ste-Hyacinthe, J2S 4M8 <\/strong><\/p>\n<hr \/>\n","protected":false},"excerpt":{"rendered":"<p>Salon National du Quad in Ste-Hyacinthe September 27-29, 2013 Come visit our booth at the Salon National du Quad to be held in Ste-Hyacinthe this week-end to make sure to take your dream to reality! Take advantage of our special prices and the chance to win a night for 2 in our 4 star Inn, [&hellip;]<\/p>\n","protected":false},"author":1,"featured_media":0,"comment_status":"open","ping_status":"open","sticky":false,"template":"","format":"standard","meta":{"_et_pb_use_builder":"","_et_pb_old_content":"","_monsterinsights_skip_tracking":false,"_monsterinsights_sitenote_active":false,"_monsterinsights_sitenote_note":"","_monsterinsights_sitenote_category":0,"ngg_post_thumbnail":0,"footnotes":""},"categories":[455,458,459],"tags":[],"class_list":["post-5658","post","type-post","status-publish","format-standard","hentry","category-activities-summer","category-news","category-archives-photos-videos"],"yoast_head":"<!-- This site is optimized with the Yoast SEO plugin v27.5 - https:\/\/yoast.com\/product\/yoast-seo-wordpress\/ -->\n<title>Salon National du Quad in Ste-Hyacinthe September 27-29, 2013 - My Site<\/title>\n<meta name=\"robots\" content=\"index, follow, max-snippet:-1, max-image-preview:large, max-video-preview:-1\" \/>\n<link rel=\"canonical\" href=\"https:\/\/feracheval.ca\/en\/salon-national-du-quad-in-ste-hyacinthe-september-27-29-2013\/\" \/>\n<meta property=\"og:locale\" content=\"en_US\" \/>\n<meta property=\"og:type\" content=\"article\" \/>\n<meta property=\"og:title\" content=\"Salon National du Quad in Ste-Hyacinthe September 27-29, 2013 - My Site\" \/>\n<meta property=\"og:description\" content=\"Salon National du Quad in Ste-Hyacinthe September 27-29, 2013 Come visit our booth at the Salon National du Quad to be held in Ste-Hyacinthe this week-end to make sure to take your dream to reality! Take advantage of our special prices and the chance to win a night for 2 in our 4 star Inn, [&hellip;]\" \/>\n<meta property=\"og:url\" content=\"https:\/\/feracheval.ca\/en\/salon-national-du-quad-in-ste-hyacinthe-september-27-29-2013\/\" \/>\n<meta property=\"og:site_name\" content=\"My Site\" \/>\n<meta property=\"article:published_time\" content=\"2013-09-26T17:18:33+00:00\" \/>\n<meta property=\"article:modified_time\" content=\"2017-03-04T19:12:39+00:00\" \/>\n<meta property=\"og:image\" content=\"https:\/\/feracheval.ca\/wp-content\/uploads\/2013\/09\/google-map-salon-national-du-quad-ste-hyacinthe.png\" \/>\n<meta name=\"author\" content=\"FrancoisT\" \/>\n<meta name=\"twitter:card\" content=\"summary_large_image\" \/>\n<meta name=\"twitter:label1\" content=\"Written by\" \/>\n\t<meta name=\"twitter:data1\" content=\"FrancoisT\" \/>\n\t<meta name=\"twitter:label2\" content=\"Est. reading time\" \/>\n\t<meta name=\"twitter:data2\" content=\"1 minute\" \/>\n<script type=\"application\/ld+json\" class=\"yoast-schema-graph\">{\"@context\":\"https:\\\/\\\/schema.org\",\"@graph\":[{\"@type\":\"Article\",\"@id\":\"https:\\\/\\\/feracheval.ca\\\/en\\\/salon-national-du-quad-in-ste-hyacinthe-september-27-29-2013\\\/#article\",\"isPartOf\":{\"@id\":\"https:\\\/\\\/feracheval.ca\\\/en\\\/salon-national-du-quad-in-ste-hyacinthe-september-27-29-2013\\\/\"},\"author\":{\"name\":\"FrancoisT\",\"@id\":\"https:\\\/\\\/feracheval.ca\\\/en\\\/#\\\/schema\\\/person\\\/79e9dc3ffe513e42a0c0bdcd329544c7\"},\"headline\":\"Salon National du Quad in Ste-Hyacinthe September 27-29, 2013\",\"datePublished\":\"2013-09-26T17:18:33+00:00\",\"dateModified\":\"2017-03-04T19:12:39+00:00\",\"mainEntityOfPage\":{\"@id\":\"https:\\\/\\\/feracheval.ca\\\/en\\\/salon-national-du-quad-in-ste-hyacinthe-september-27-29-2013\\\/\"},\"wordCount\":112,\"commentCount\":0,\"image\":{\"@id\":\"https:\\\/\\\/feracheval.ca\\\/en\\\/salon-national-du-quad-in-ste-hyacinthe-september-27-29-2013\\\/#primaryimage\"},\"thumbnailUrl\":\"https:\\\/\\\/feracheval.ca\\\/wp-content\\\/uploads\\\/2013\\\/09\\\/google-map-salon-national-du-quad-ste-hyacinthe.png\",\"articleSection\":[\"Activities - Summer\",\"News\",\"Photos-Videos\"],\"inLanguage\":\"en-US\",\"potentialAction\":[{\"@type\":\"CommentAction\",\"name\":\"Comment\",\"target\":[\"https:\\\/\\\/feracheval.ca\\\/en\\\/salon-national-du-quad-in-ste-hyacinthe-september-27-29-2013\\\/#respond\"]}]},{\"@type\":\"WebPage\",\"@id\":\"https:\\\/\\\/feracheval.ca\\\/en\\\/salon-national-du-quad-in-ste-hyacinthe-september-27-29-2013\\\/\",\"url\":\"https:\\\/\\\/feracheval.ca\\\/en\\\/salon-national-du-quad-in-ste-hyacinthe-september-27-29-2013\\\/\",\"name\":\"Salon National du Quad in Ste-Hyacinthe September 27-29, 2013 - My Site\",\"isPartOf\":{\"@id\":\"https:\\\/\\\/feracheval.ca\\\/en\\\/#website\"},\"primaryImageOfPage\":{\"@id\":\"https:\\\/\\\/feracheval.ca\\\/en\\\/salon-national-du-quad-in-ste-hyacinthe-september-27-29-2013\\\/#primaryimage\"},\"image\":{\"@id\":\"https:\\\/\\\/feracheval.ca\\\/en\\\/salon-national-du-quad-in-ste-hyacinthe-september-27-29-2013\\\/#primaryimage\"},\"thumbnailUrl\":\"https:\\\/\\\/feracheval.ca\\\/wp-content\\\/uploads\\\/2013\\\/09\\\/google-map-salon-national-du-quad-ste-hyacinthe.png\",\"datePublished\":\"2013-09-26T17:18:33+00:00\",\"dateModified\":\"2017-03-04T19:12:39+00:00\",\"author\":{\"@id\":\"https:\\\/\\\/feracheval.ca\\\/en\\\/#\\\/schema\\\/person\\\/79e9dc3ffe513e42a0c0bdcd329544c7\"},\"breadcrumb\":{\"@id\":\"https:\\\/\\\/feracheval.ca\\\/en\\\/salon-national-du-quad-in-ste-hyacinthe-september-27-29-2013\\\/#breadcrumb\"},\"inLanguage\":\"en-US\",\"potentialAction\":[{\"@type\":\"ReadAction\",\"target\":[\"https:\\\/\\\/feracheval.ca\\\/en\\\/salon-national-du-quad-in-ste-hyacinthe-september-27-29-2013\\\/\"]}]},{\"@type\":\"ImageObject\",\"inLanguage\":\"en-US\",\"@id\":\"https:\\\/\\\/feracheval.ca\\\/en\\\/salon-national-du-quad-in-ste-hyacinthe-september-27-29-2013\\\/#primaryimage\",\"url\":\"https:\\\/\\\/feracheval.ca\\\/wp-content\\\/uploads\\\/2013\\\/09\\\/google-map-salon-national-du-quad-ste-hyacinthe.png\",\"contentUrl\":\"https:\\\/\\\/feracheval.ca\\\/wp-content\\\/uploads\\\/2013\\\/09\\\/google-map-salon-national-du-quad-ste-hyacinthe.png\"},{\"@type\":\"BreadcrumbList\",\"@id\":\"https:\\\/\\\/feracheval.ca\\\/en\\\/salon-national-du-quad-in-ste-hyacinthe-september-27-29-2013\\\/#breadcrumb\",\"itemListElement\":[{\"@type\":\"ListItem\",\"position\":1,\"name\":\"Accueil\",\"item\":\"https:\\\/\\\/feracheval.ca\\\/en\\\/\"},{\"@type\":\"ListItem\",\"position\":2,\"name\":\"Salon National du Quad in Ste-Hyacinthe September 27-29, 2013\"}]},{\"@type\":\"WebSite\",\"@id\":\"https:\\\/\\\/feracheval.ca\\\/en\\\/#website\",\"url\":\"https:\\\/\\\/feracheval.ca\\\/en\\\/\",\"name\":\"My Site\",\"description\":\"Du r\u00eave \u00e0 la r\u00e9alit\u00e9\",\"potentialAction\":[{\"@type\":\"SearchAction\",\"target\":{\"@type\":\"EntryPoint\",\"urlTemplate\":\"https:\\\/\\\/feracheval.ca\\\/en\\\/?s={search_term_string}\"},\"query-input\":{\"@type\":\"PropertyValueSpecification\",\"valueRequired\":true,\"valueName\":\"search_term_string\"}}],\"inLanguage\":\"en-US\"},{\"@type\":\"Person\",\"@id\":\"https:\\\/\\\/feracheval.ca\\\/en\\\/#\\\/schema\\\/person\\\/79e9dc3ffe513e42a0c0bdcd329544c7\",\"name\":\"FrancoisT\",\"image\":{\"@type\":\"ImageObject\",\"inLanguage\":\"en-US\",\"@id\":\"https:\\\/\\\/secure.gravatar.com\\\/avatar\\\/78fcb16a5a5e6b589d17a3c91da842e3aac1b8053c66523a4839c152fb773d7f?s=96&d=mm&r=g\",\"url\":\"https:\\\/\\\/secure.gravatar.com\\\/avatar\\\/78fcb16a5a5e6b589d17a3c91da842e3aac1b8053c66523a4839c152fb773d7f?s=96&d=mm&r=g\",\"contentUrl\":\"https:\\\/\\\/secure.gravatar.com\\\/avatar\\\/78fcb16a5a5e6b589d17a3c91da842e3aac1b8053c66523a4839c152fb773d7f?s=96&d=mm&r=g\",\"caption\":\"FrancoisT\"},\"url\":\"https:\\\/\\\/feracheval.ca\\\/en\\\/author\\\/francoist\\\/\"}]}<\/script>\n<!-- \/ Yoast SEO plugin. -->","yoast_head_json":{"title":"Salon National du Quad in Ste-Hyacinthe September 27-29, 2013 - My Site","robots":{"index":"index","follow":"follow","max-snippet":"max-snippet:-1","max-image-preview":"max-image-preview:large","max-video-preview":"max-video-preview:-1"},"canonical":"https:\/\/feracheval.ca\/en\/salon-national-du-quad-in-ste-hyacinthe-september-27-29-2013\/","og_locale":"en_US","og_type":"article","og_title":"Salon National du Quad in Ste-Hyacinthe September 27-29, 2013 - My Site","og_description":"Salon National du Quad in Ste-Hyacinthe September 27-29, 2013 Come visit our booth at the Salon National du Quad to be held in Ste-Hyacinthe this week-end to make sure to take your dream to reality! Take advantage of our special prices and the chance to win a night for 2 in our 4 star Inn, [&hellip;]","og_url":"https:\/\/feracheval.ca\/en\/salon-national-du-quad-in-ste-hyacinthe-september-27-29-2013\/","og_site_name":"My Site","article_published_time":"2013-09-26T17:18:33+00:00","article_modified_time":"2017-03-04T19:12:39+00:00","og_image":[{"url":"https:\/\/feracheval.ca\/wp-content\/uploads\/2013\/09\/google-map-salon-national-du-quad-ste-hyacinthe.png","type":"","width":"","height":""}],"author":"FrancoisT","twitter_card":"summary_large_image","twitter_misc":{"Written by":"FrancoisT","Est. reading time":"1 minute"},"schema":{"@context":"https:\/\/schema.org","@graph":[{"@type":"Article","@id":"https:\/\/feracheval.ca\/en\/salon-national-du-quad-in-ste-hyacinthe-september-27-29-2013\/#article","isPartOf":{"@id":"https:\/\/feracheval.ca\/en\/salon-national-du-quad-in-ste-hyacinthe-september-27-29-2013\/"},"author":{"name":"FrancoisT","@id":"https:\/\/feracheval.ca\/en\/#\/schema\/person\/79e9dc3ffe513e42a0c0bdcd329544c7"},"headline":"Salon National du Quad in Ste-Hyacinthe September 27-29, 2013","datePublished":"2013-09-26T17:18:33+00:00","dateModified":"2017-03-04T19:12:39+00:00","mainEntityOfPage":{"@id":"https:\/\/feracheval.ca\/en\/salon-national-du-quad-in-ste-hyacinthe-september-27-29-2013\/"},"wordCount":112,"commentCount":0,"image":{"@id":"https:\/\/feracheval.ca\/en\/salon-national-du-quad-in-ste-hyacinthe-september-27-29-2013\/#primaryimage"},"thumbnailUrl":"https:\/\/feracheval.ca\/wp-content\/uploads\/2013\/09\/google-map-salon-national-du-quad-ste-hyacinthe.png","articleSection":["Activities - Summer","News","Photos-Videos"],"inLanguage":"en-US","potentialAction":[{"@type":"CommentAction","name":"Comment","target":["https:\/\/feracheval.ca\/en\/salon-national-du-quad-in-ste-hyacinthe-september-27-29-2013\/#respond"]}]},{"@type":"WebPage","@id":"https:\/\/feracheval.ca\/en\/salon-national-du-quad-in-ste-hyacinthe-september-27-29-2013\/","url":"https:\/\/feracheval.ca\/en\/salon-national-du-quad-in-ste-hyacinthe-september-27-29-2013\/","name":"Salon National du Quad in Ste-Hyacinthe September 27-29, 2013 - My Site","isPartOf":{"@id":"https:\/\/feracheval.ca\/en\/#website"},"primaryImageOfPage":{"@id":"https:\/\/feracheval.ca\/en\/salon-national-du-quad-in-ste-hyacinthe-september-27-29-2013\/#primaryimage"},"image":{"@id":"https:\/\/feracheval.ca\/en\/salon-national-du-quad-in-ste-hyacinthe-september-27-29-2013\/#primaryimage"},"thumbnailUrl":"https:\/\/feracheval.ca\/wp-content\/uploads\/2013\/09\/google-map-salon-national-du-quad-ste-hyacinthe.png","datePublished":"2013-09-26T17:18:33+00:00","dateModified":"2017-03-04T19:12:39+00:00","author":{"@id":"https:\/\/feracheval.ca\/en\/#\/schema\/person\/79e9dc3ffe513e42a0c0bdcd329544c7"},"breadcrumb":{"@id":"https:\/\/feracheval.ca\/en\/salon-national-du-quad-in-ste-hyacinthe-september-27-29-2013\/#breadcrumb"},"inLanguage":"en-US","potentialAction":[{"@type":"ReadAction","target":["https:\/\/feracheval.ca\/en\/salon-national-du-quad-in-ste-hyacinthe-september-27-29-2013\/"]}]},{"@type":"ImageObject","inLanguage":"en-US","@id":"https:\/\/feracheval.ca\/en\/salon-national-du-quad-in-ste-hyacinthe-september-27-29-2013\/#primaryimage","url":"https:\/\/feracheval.ca\/wp-content\/uploads\/2013\/09\/google-map-salon-national-du-quad-ste-hyacinthe.png","contentUrl":"https:\/\/feracheval.ca\/wp-content\/uploads\/2013\/09\/google-map-salon-national-du-quad-ste-hyacinthe.png"},{"@type":"BreadcrumbList","@id":"https:\/\/feracheval.ca\/en\/salon-national-du-quad-in-ste-hyacinthe-september-27-29-2013\/#breadcrumb","itemListElement":[{"@type":"ListItem","position":1,"name":"Accueil","item":"https:\/\/feracheval.ca\/en\/"},{"@type":"ListItem","position":2,"name":"Salon National du Quad in Ste-Hyacinthe September 27-29, 2013"}]},{"@type":"WebSite","@id":"https:\/\/feracheval.ca\/en\/#website","url":"https:\/\/feracheval.ca\/en\/","name":"My Site","description":"Du r\u00eave \u00e0 la r\u00e9alit\u00e9","potentialAction":[{"@type":"SearchAction","target":{"@type":"EntryPoint","urlTemplate":"https:\/\/feracheval.ca\/en\/?s={search_term_string}"},"query-input":{"@type":"PropertyValueSpecification","valueRequired":true,"valueName":"search_term_string"}}],"inLanguage":"en-US"},{"@type":"Person","@id":"https:\/\/feracheval.ca\/en\/#\/schema\/person\/79e9dc3ffe513e42a0c0bdcd329544c7","name":"FrancoisT","image":{"@type":"ImageObject","inLanguage":"en-US","@id":"https:\/\/secure.gravatar.com\/avatar\/78fcb16a5a5e6b589d17a3c91da842e3aac1b8053c66523a4839c152fb773d7f?s=96&d=mm&r=g","url":"https:\/\/secure.gravatar.com\/avatar\/78fcb16a5a5e6b589d17a3c91da842e3aac1b8053c66523a4839c152fb773d7f?s=96&d=mm&r=g","contentUrl":"https:\/\/secure.gravatar.com\/avatar\/78fcb16a5a5e6b589d17a3c91da842e3aac1b8053c66523a4839c152fb773d7f?s=96&d=mm&r=g","caption":"FrancoisT"},"url":"https:\/\/feracheval.ca\/en\/author\/francoist\/"}]}},"_links":{"self":[{"href":"https:\/\/feracheval.ca\/en\/wp-json\/wp\/v2\/posts\/5658","targetHints":{"allow":["GET"]}}],"collection":[{"href":"https:\/\/feracheval.ca\/en\/wp-json\/wp\/v2\/posts"}],"about":[{"href":"https:\/\/feracheval.ca\/en\/wp-json\/wp\/v2\/types\/post"}],"author":[{"embeddable":true,"href":"https:\/\/feracheval.ca\/en\/wp-json\/wp\/v2\/users\/1"}],"replies":[{"embeddable":true,"href":"https:\/\/feracheval.ca\/en\/wp-json\/wp\/v2\/comments?post=5658"}],"version-history":[{"count":1,"href":"https:\/\/feracheval.ca\/en\/wp-json\/wp\/v2\/posts\/5658\/revisions"}],"predecessor-version":[{"id":9741,"href":"https:\/\/feracheval.ca\/en\/wp-json\/wp\/v2\/posts\/5658\/revisions\/9741"}],"wp:attachment":[{"href":"https:\/\/feracheval.ca\/en\/wp-json\/wp\/v2\/media?parent=5658"}],"wp:term":[{"taxonomy":"category","embeddable":true,"href":"https:\/\/feracheval.ca\/en\/wp-json\/wp\/v2\/categories?post=5658"},{"taxonomy":"post_tag","embeddable":true,"href":"https:\/\/feracheval.ca\/en\/wp-json\/wp\/v2\/tags?post=5658"}],"curies":[{"name":"wp","href":"https:\/\/api.w.org\/{rel}","templated":true}]}}