{"id":5662,"date":"2013-09-28T20:56:18","date_gmt":"2013-09-29T00:56:18","guid":{"rendered":"http:\/\/feracheval.ca\/5662\/trade-show-quad-2013-relocated-to-ste-hyacinthe-in-full-swing\/"},"modified":"2017-03-04T14:12:38","modified_gmt":"2017-03-04T19:12:38","slug":"trade-show-quad-2013-relocated-to-ste-hyacinthe-in-full-swing","status":"publish","type":"post","link":"https:\/\/feracheval.ca\/en\/trade-show-quad-2013-relocated-to-ste-hyacinthe-in-full-swing\/","title":{"rendered":"Trade Show Quad 2013 relocated to Ste-Hyacinthe in full swing!"},"content":{"rendered":"<p><a href=\"https:\/\/feracheval.ca\/wp-content\/uploads\/2013\/09\/salon-national-quad-ste-hyacinthe-2013.jpg\"><img loading=\"lazy\" decoding=\"async\" class=\"size-full wp-image-4531 alignleft\" title=\"salon-national-quad-ste-hyacinthe-2013\" alt=\"salon-national-quad-ste-hyacinthe-2013\" src=\"https:\/\/feracheval.ca\/wp-content\/uploads\/2013\/09\/salon-national-quad-ste-hyacinthe-2013.jpg\" width=\"601\" height=\"224\" srcset=\"https:\/\/feracheval.ca\/wp-content\/uploads\/2013\/09\/salon-national-quad-ste-hyacinthe-2013.jpg 1000w, https:\/\/feracheval.ca\/wp-content\/uploads\/2013\/09\/salon-national-quad-ste-hyacinthe-2013-300x111.jpg 300w\" sizes=\"auto, (max-width: 601px) 100vw, 601px\" \/><\/a><\/p>\n<h2><a href=\"https:\/\/feracheval.ca\/wp-content\/uploads\/2013\/09\/salon-quad-ste-hyacinthe-2013-rejean-sylvie.jpg\"><img loading=\"lazy\" decoding=\"async\" class=\"alignleft size-full wp-image-4534\" alt=\"salon-quad-ste-hyacinthe-2013-rejean-sylvie-fer-a-cheval\" src=\"https:\/\/feracheval.ca\/wp-content\/uploads\/2013\/09\/salon-quad-ste-hyacinthe-2013-rejean-sylvie.jpg\" width=\"601\" height=\"401\" srcset=\"https:\/\/feracheval.ca\/wp-content\/uploads\/2013\/09\/salon-quad-ste-hyacinthe-2013-rejean-sylvie.jpg 1000w, https:\/\/feracheval.ca\/wp-content\/uploads\/2013\/09\/salon-quad-ste-hyacinthe-2013-rejean-sylvie-300x199.jpg 300w\" sizes=\"auto, (max-width: 601px) 100vw, 601px\" \/><\/a><\/h2>\n<h2>Invitation to all Quad lovers!<\/h2>\n<h3>R\u00e9jean &#038; Sylvie invites you to come and meet them at the National Quad exhibition held this year at the BMO Centre in Ste-Hyacinthe from 27 to 29 September 2013.<\/h3>\n<p><strong>Did you know that the Fer A Cheval\u00a0 Outfitter offers a great place to relax during your Quad journeys in the Upper Laurentians?<\/strong><\/p>\n<p><strong>L&#8217;Auberge du Fer \u00e0 Cheval (2010) is ranked 4th among the stars of Wilderness Lodges, which provides you with superior comfort along with a wide range of services and amenities.<\/strong><\/p>\n<p><strong>Our Quad package will enhance your stay in our magnificent region in the heart of the jewel of the Laurentians.<br \/>\n<\/strong><\/p>\n<p><strong><span style=\"color: #800000;\">And more good news &#8212;&#8211;> You have a chance to win a night for two (2) at the Inn, including breakfast and <strong>4-course<\/strong> dinner gourmet\u00a0 by filling the contest coupon at our booth. <\/span><\/strong><\/p>\n<p><strong><span style=\"color: #800000;\">A value of over $ 300 <strong>!<\/strong><br \/>\n<\/span><\/strong><\/p>\n<p><strong>Come experience with us in a calm and relaxed atmosphere, memorable moments of happiness.<\/strong><\/p>\n<p><strong><strong>Relax at the restaurant bar or dining room, where the refined and exquisite flavors prepared by Benoit, our kitchen Chief Emeritus will thrill your taste buds!<\/strong><\/strong><\/p>\n<p><strong><strong>Looking forward to welcoming you soon!<\/strong><\/strong><\/p>\n<p><strong>Francois Thouin and his team.<\/strong><\/p>\n<p><a href=\"https:\/\/feracheval.ca\/wp-content\/uploads\/2013\/09\/slaon-quad-ste-hyacinthe-2013-achalandage.jpg\"><img loading=\"lazy\" decoding=\"async\" class=\"alignleft size-full wp-image-4543\" alt=\"salon-national-quad-ste-hyacinthe-pourvoirie-fer-cheval\" src=\"https:\/\/feracheval.ca\/wp-content\/uploads\/2013\/09\/slaon-quad-ste-hyacinthe-2013-achalandage.jpg\" width=\"594\" height=\"448\" \/><\/a><\/p>\n<p><a href=\"https:\/\/feracheval.ca\/wp-content\/uploads\/2013\/05\/vtt_quad_randonnee_fer_a_cheval_pourvoirie_TQ13_960.jpg\"><img loading=\"lazy\" decoding=\"async\" class=\"alignleft size-full wp-image-3577\" alt=\"vtt_quad_randonnee_fer_a_cheval_pourvoirie_TQ13_960\" src=\"https:\/\/feracheval.ca\/wp-content\/uploads\/2013\/05\/vtt_quad_randonnee_fer_a_cheval_pourvoirie_TQ13_960.jpg\" width=\"595\" height=\"217\" \/><\/a><\/p>\n<p><a href=\"https:\/\/feracheval.ca\/wp-content\/uploads\/2012\/07\/IMG_0191.jpg\"><img loading=\"lazy\" decoding=\"async\" class=\"alignleft size-large wp-image-2334\" alt=\"randonne-quad-vtt-hautes-laurentides\" src=\"https:\/\/feracheval.ca\/wp-content\/uploads\/2012\/07\/IMG_0191-1024x768.jpg\" width=\"601\" height=\"452\" srcset=\"https:\/\/feracheval.ca\/wp-content\/uploads\/2012\/07\/IMG_0191-1024x768.jpg 1024w, https:\/\/feracheval.ca\/wp-content\/uploads\/2012\/07\/IMG_0191-300x225.jpg 300w, https:\/\/feracheval.ca\/wp-content\/uploads\/2012\/07\/IMG_0191.jpg 1600w\" sizes=\"auto, (max-width: 601px) 100vw, 601px\" \/><\/a><br \/>\n<a href=\"https:\/\/feracheval.ca\/wp-content\/uploads\/2012\/07\/IMG_0193-e1341529582232.jpg\"><img loading=\"lazy\" decoding=\"async\" class=\"alignleft size-large wp-image-2327\" alt=\"Quad-VTT Vehicule Tout Terrain Pourvoirie Fer A Cheval Laurentides Quebec\" src=\"https:\/\/feracheval.ca\/wp-content\/uploads\/2012\/07\/IMG_0193-e1341529582232-1024x505.jpg\" width=\"1024\" height=\"505\" srcset=\"https:\/\/feracheval.ca\/wp-content\/uploads\/2012\/07\/IMG_0193-e1341529582232-1024x505.jpg 1024w, https:\/\/feracheval.ca\/wp-content\/uploads\/2012\/07\/IMG_0193-e1341529582232-300x148.jpg 300w, https:\/\/feracheval.ca\/wp-content\/uploads\/2012\/07\/IMG_0193-e1341529582232.jpg 1191w\" sizes=\"auto, (max-width: 1024px) 100vw, 1024px\" \/><\/a><\/p>\n<p><a href=\"https:\/\/feracheval.ca\/wp-content\/uploads\/2013\/09\/salon-quad-ste-hyacinthe-2013-cote-a-cote-honda.jpg\"><img loading=\"lazy\" decoding=\"async\" class=\"alignleft size-full wp-image-4544\" alt=\"salon-quad-ste-hyacinthe-2013-cote-a-cote-honda\" src=\"https:\/\/feracheval.ca\/wp-content\/uploads\/2013\/09\/salon-quad-ste-hyacinthe-2013-cote-a-cote-honda.jpg\" width=\"591\" height=\"494\" \/><\/a><\/p>\n<p><a href=\"https:\/\/feracheval.ca\/wp-content\/uploads\/2013\/09\/salon-quad-ste-hyacinthe-2013-yamaha-pommes.jpg\"><img loading=\"lazy\" decoding=\"async\" class=\"alignleft size-full wp-image-4545\" alt=\"salon-quad-ste-hyacinthe-2013-yamaha-pommes\" src=\"https:\/\/feracheval.ca\/wp-content\/uploads\/2013\/09\/salon-quad-ste-hyacinthe-2013-yamaha-pommes.jpg\" width=\"586\" height=\"560\" srcset=\"https:\/\/feracheval.ca\/wp-content\/uploads\/2013\/09\/salon-quad-ste-hyacinthe-2013-yamaha-pommes.jpg 1000w, https:\/\/feracheval.ca\/wp-content\/uploads\/2013\/09\/salon-quad-ste-hyacinthe-2013-yamaha-pommes-300x286.jpg 300w\" sizes=\"auto, (max-width: 586px) 100vw, 586px\" \/><\/a><\/p>\n","protected":false},"excerpt":{"rendered":"<p>Invitation to all Quad lovers! R\u00e9jean &#038; Sylvie invites you to come and meet them at the National Quad exhibition held this year at the BMO Centre in Ste-Hyacinthe from 27 to 29 September 2013. Did you know that the Fer A Cheval\u00a0 Outfitter offers a great place to relax during your Quad journeys in [&hellip;]<\/p>\n","protected":false},"author":1,"featured_media":0,"comment_status":"open","ping_status":"open","sticky":false,"template":"","format":"standard","meta":{"_et_pb_use_builder":"","_et_pb_old_content":"","_monsterinsights_skip_tracking":false,"_monsterinsights_sitenote_active":false,"_monsterinsights_sitenote_note":"","_monsterinsights_sitenote_category":0,"ngg_post_thumbnail":0,"footnotes":""},"categories":[455,458,459],"tags":[],"class_list":["post-5662","post","type-post","status-publish","format-standard","hentry","category-activities-summer","category-news","category-archives-photos-videos"],"yoast_head":"<!-- This site is optimized with the Yoast SEO plugin v27.5 - https:\/\/yoast.com\/product\/yoast-seo-wordpress\/ -->\n<title>Trade Show Quad 2013 relocated to Ste-Hyacinthe in full swing! - My Site<\/title>\n<meta name=\"robots\" content=\"index, follow, max-snippet:-1, max-image-preview:large, max-video-preview:-1\" \/>\n<link rel=\"canonical\" href=\"https:\/\/feracheval.ca\/en\/trade-show-quad-2013-relocated-to-ste-hyacinthe-in-full-swing\/\" \/>\n<meta property=\"og:locale\" content=\"en_US\" \/>\n<meta property=\"og:type\" content=\"article\" \/>\n<meta property=\"og:title\" content=\"Trade Show Quad 2013 relocated to Ste-Hyacinthe in full swing! - My Site\" \/>\n<meta property=\"og:description\" content=\"Invitation to all Quad lovers! R\u00e9jean &#038; Sylvie invites you to come and meet them at the National Quad exhibition held this year at the BMO Centre in Ste-Hyacinthe from 27 to 29 September 2013. Did you know that the Fer A Cheval\u00a0 Outfitter offers a great place to relax during your Quad journeys in [&hellip;]\" \/>\n<meta property=\"og:url\" content=\"https:\/\/feracheval.ca\/en\/trade-show-quad-2013-relocated-to-ste-hyacinthe-in-full-swing\/\" \/>\n<meta property=\"og:site_name\" content=\"My Site\" \/>\n<meta property=\"article:published_time\" content=\"2013-09-29T00:56:18+00:00\" \/>\n<meta property=\"article:modified_time\" content=\"2017-03-04T19:12:38+00:00\" \/>\n<meta property=\"og:image\" content=\"https:\/\/feracheval.ca\/wp-content\/uploads\/2013\/09\/salon-national-quad-ste-hyacinthe-2013.jpg\" \/>\n<meta name=\"author\" content=\"FrancoisT\" \/>\n<meta name=\"twitter:card\" content=\"summary_large_image\" \/>\n<meta name=\"twitter:label1\" content=\"Written by\" \/>\n\t<meta name=\"twitter:data1\" content=\"FrancoisT\" \/>\n\t<meta name=\"twitter:label2\" content=\"Est. reading time\" \/>\n\t<meta name=\"twitter:data2\" content=\"1 minute\" \/>\n<script type=\"application\/ld+json\" class=\"yoast-schema-graph\">{\"@context\":\"https:\\\/\\\/schema.org\",\"@graph\":[{\"@type\":\"Article\",\"@id\":\"https:\\\/\\\/feracheval.ca\\\/en\\\/trade-show-quad-2013-relocated-to-ste-hyacinthe-in-full-swing\\\/#article\",\"isPartOf\":{\"@id\":\"https:\\\/\\\/feracheval.ca\\\/en\\\/trade-show-quad-2013-relocated-to-ste-hyacinthe-in-full-swing\\\/\"},\"author\":{\"name\":\"FrancoisT\",\"@id\":\"https:\\\/\\\/feracheval.ca\\\/en\\\/#\\\/schema\\\/person\\\/79e9dc3ffe513e42a0c0bdcd329544c7\"},\"headline\":\"Trade Show Quad 2013 relocated to Ste-Hyacinthe in full swing!\",\"datePublished\":\"2013-09-29T00:56:18+00:00\",\"dateModified\":\"2017-03-04T19:12:38+00:00\",\"mainEntityOfPage\":{\"@id\":\"https:\\\/\\\/feracheval.ca\\\/en\\\/trade-show-quad-2013-relocated-to-ste-hyacinthe-in-full-swing\\\/\"},\"wordCount\":199,\"commentCount\":0,\"image\":{\"@id\":\"https:\\\/\\\/feracheval.ca\\\/en\\\/trade-show-quad-2013-relocated-to-ste-hyacinthe-in-full-swing\\\/#primaryimage\"},\"thumbnailUrl\":\"https:\\\/\\\/feracheval.ca\\\/wp-content\\\/uploads\\\/2013\\\/09\\\/salon-national-quad-ste-hyacinthe-2013.jpg\",\"articleSection\":[\"Activities - Summer\",\"News\",\"Photos-Videos\"],\"inLanguage\":\"en-US\",\"potentialAction\":[{\"@type\":\"CommentAction\",\"name\":\"Comment\",\"target\":[\"https:\\\/\\\/feracheval.ca\\\/en\\\/trade-show-quad-2013-relocated-to-ste-hyacinthe-in-full-swing\\\/#respond\"]}]},{\"@type\":\"WebPage\",\"@id\":\"https:\\\/\\\/feracheval.ca\\\/en\\\/trade-show-quad-2013-relocated-to-ste-hyacinthe-in-full-swing\\\/\",\"url\":\"https:\\\/\\\/feracheval.ca\\\/en\\\/trade-show-quad-2013-relocated-to-ste-hyacinthe-in-full-swing\\\/\",\"name\":\"Trade Show Quad 2013 relocated to Ste-Hyacinthe in full swing! - My Site\",\"isPartOf\":{\"@id\":\"https:\\\/\\\/feracheval.ca\\\/en\\\/#website\"},\"primaryImageOfPage\":{\"@id\":\"https:\\\/\\\/feracheval.ca\\\/en\\\/trade-show-quad-2013-relocated-to-ste-hyacinthe-in-full-swing\\\/#primaryimage\"},\"image\":{\"@id\":\"https:\\\/\\\/feracheval.ca\\\/en\\\/trade-show-quad-2013-relocated-to-ste-hyacinthe-in-full-swing\\\/#primaryimage\"},\"thumbnailUrl\":\"https:\\\/\\\/feracheval.ca\\\/wp-content\\\/uploads\\\/2013\\\/09\\\/salon-national-quad-ste-hyacinthe-2013.jpg\",\"datePublished\":\"2013-09-29T00:56:18+00:00\",\"dateModified\":\"2017-03-04T19:12:38+00:00\",\"author\":{\"@id\":\"https:\\\/\\\/feracheval.ca\\\/en\\\/#\\\/schema\\\/person\\\/79e9dc3ffe513e42a0c0bdcd329544c7\"},\"breadcrumb\":{\"@id\":\"https:\\\/\\\/feracheval.ca\\\/en\\\/trade-show-quad-2013-relocated-to-ste-hyacinthe-in-full-swing\\\/#breadcrumb\"},\"inLanguage\":\"en-US\",\"potentialAction\":[{\"@type\":\"ReadAction\",\"target\":[\"https:\\\/\\\/feracheval.ca\\\/en\\\/trade-show-quad-2013-relocated-to-ste-hyacinthe-in-full-swing\\\/\"]}]},{\"@type\":\"ImageObject\",\"inLanguage\":\"en-US\",\"@id\":\"https:\\\/\\\/feracheval.ca\\\/en\\\/trade-show-quad-2013-relocated-to-ste-hyacinthe-in-full-swing\\\/#primaryimage\",\"url\":\"https:\\\/\\\/feracheval.ca\\\/wp-content\\\/uploads\\\/2013\\\/09\\\/salon-national-quad-ste-hyacinthe-2013.jpg\",\"contentUrl\":\"https:\\\/\\\/feracheval.ca\\\/wp-content\\\/uploads\\\/2013\\\/09\\\/salon-national-quad-ste-hyacinthe-2013.jpg\"},{\"@type\":\"BreadcrumbList\",\"@id\":\"https:\\\/\\\/feracheval.ca\\\/en\\\/trade-show-quad-2013-relocated-to-ste-hyacinthe-in-full-swing\\\/#breadcrumb\",\"itemListElement\":[{\"@type\":\"ListItem\",\"position\":1,\"name\":\"Accueil\",\"item\":\"https:\\\/\\\/feracheval.ca\\\/en\\\/\"},{\"@type\":\"ListItem\",\"position\":2,\"name\":\"Trade Show Quad 2013 relocated to Ste-Hyacinthe in full swing!\"}]},{\"@type\":\"WebSite\",\"@id\":\"https:\\\/\\\/feracheval.ca\\\/en\\\/#website\",\"url\":\"https:\\\/\\\/feracheval.ca\\\/en\\\/\",\"name\":\"My Site\",\"description\":\"Du r\u00eave \u00e0 la r\u00e9alit\u00e9\",\"potentialAction\":[{\"@type\":\"SearchAction\",\"target\":{\"@type\":\"EntryPoint\",\"urlTemplate\":\"https:\\\/\\\/feracheval.ca\\\/en\\\/?s={search_term_string}\"},\"query-input\":{\"@type\":\"PropertyValueSpecification\",\"valueRequired\":true,\"valueName\":\"search_term_string\"}}],\"inLanguage\":\"en-US\"},{\"@type\":\"Person\",\"@id\":\"https:\\\/\\\/feracheval.ca\\\/en\\\/#\\\/schema\\\/person\\\/79e9dc3ffe513e42a0c0bdcd329544c7\",\"name\":\"FrancoisT\",\"image\":{\"@type\":\"ImageObject\",\"inLanguage\":\"en-US\",\"@id\":\"https:\\\/\\\/secure.gravatar.com\\\/avatar\\\/78fcb16a5a5e6b589d17a3c91da842e3aac1b8053c66523a4839c152fb773d7f?s=96&d=mm&r=g\",\"url\":\"https:\\\/\\\/secure.gravatar.com\\\/avatar\\\/78fcb16a5a5e6b589d17a3c91da842e3aac1b8053c66523a4839c152fb773d7f?s=96&d=mm&r=g\",\"contentUrl\":\"https:\\\/\\\/secure.gravatar.com\\\/avatar\\\/78fcb16a5a5e6b589d17a3c91da842e3aac1b8053c66523a4839c152fb773d7f?s=96&d=mm&r=g\",\"caption\":\"FrancoisT\"},\"url\":\"https:\\\/\\\/feracheval.ca\\\/en\\\/author\\\/francoist\\\/\"}]}<\/script>\n<!-- \/ Yoast SEO plugin. -->","yoast_head_json":{"title":"Trade Show Quad 2013 relocated to Ste-Hyacinthe in full swing! - My Site","robots":{"index":"index","follow":"follow","max-snippet":"max-snippet:-1","max-image-preview":"max-image-preview:large","max-video-preview":"max-video-preview:-1"},"canonical":"https:\/\/feracheval.ca\/en\/trade-show-quad-2013-relocated-to-ste-hyacinthe-in-full-swing\/","og_locale":"en_US","og_type":"article","og_title":"Trade Show Quad 2013 relocated to Ste-Hyacinthe in full swing! - My Site","og_description":"Invitation to all Quad lovers! R\u00e9jean &#038; Sylvie invites you to come and meet them at the National Quad exhibition held this year at the BMO Centre in Ste-Hyacinthe from 27 to 29 September 2013. Did you know that the Fer A Cheval\u00a0 Outfitter offers a great place to relax during your Quad journeys in [&hellip;]","og_url":"https:\/\/feracheval.ca\/en\/trade-show-quad-2013-relocated-to-ste-hyacinthe-in-full-swing\/","og_site_name":"My Site","article_published_time":"2013-09-29T00:56:18+00:00","article_modified_time":"2017-03-04T19:12:38+00:00","og_image":[{"url":"https:\/\/feracheval.ca\/wp-content\/uploads\/2013\/09\/salon-national-quad-ste-hyacinthe-2013.jpg","type":"","width":"","height":""}],"author":"FrancoisT","twitter_card":"summary_large_image","twitter_misc":{"Written by":"FrancoisT","Est. reading time":"1 minute"},"schema":{"@context":"https:\/\/schema.org","@graph":[{"@type":"Article","@id":"https:\/\/feracheval.ca\/en\/trade-show-quad-2013-relocated-to-ste-hyacinthe-in-full-swing\/#article","isPartOf":{"@id":"https:\/\/feracheval.ca\/en\/trade-show-quad-2013-relocated-to-ste-hyacinthe-in-full-swing\/"},"author":{"name":"FrancoisT","@id":"https:\/\/feracheval.ca\/en\/#\/schema\/person\/79e9dc3ffe513e42a0c0bdcd329544c7"},"headline":"Trade Show Quad 2013 relocated to Ste-Hyacinthe in full swing!","datePublished":"2013-09-29T00:56:18+00:00","dateModified":"2017-03-04T19:12:38+00:00","mainEntityOfPage":{"@id":"https:\/\/feracheval.ca\/en\/trade-show-quad-2013-relocated-to-ste-hyacinthe-in-full-swing\/"},"wordCount":199,"commentCount":0,"image":{"@id":"https:\/\/feracheval.ca\/en\/trade-show-quad-2013-relocated-to-ste-hyacinthe-in-full-swing\/#primaryimage"},"thumbnailUrl":"https:\/\/feracheval.ca\/wp-content\/uploads\/2013\/09\/salon-national-quad-ste-hyacinthe-2013.jpg","articleSection":["Activities - Summer","News","Photos-Videos"],"inLanguage":"en-US","potentialAction":[{"@type":"CommentAction","name":"Comment","target":["https:\/\/feracheval.ca\/en\/trade-show-quad-2013-relocated-to-ste-hyacinthe-in-full-swing\/#respond"]}]},{"@type":"WebPage","@id":"https:\/\/feracheval.ca\/en\/trade-show-quad-2013-relocated-to-ste-hyacinthe-in-full-swing\/","url":"https:\/\/feracheval.ca\/en\/trade-show-quad-2013-relocated-to-ste-hyacinthe-in-full-swing\/","name":"Trade Show Quad 2013 relocated to Ste-Hyacinthe in full swing! - My Site","isPartOf":{"@id":"https:\/\/feracheval.ca\/en\/#website"},"primaryImageOfPage":{"@id":"https:\/\/feracheval.ca\/en\/trade-show-quad-2013-relocated-to-ste-hyacinthe-in-full-swing\/#primaryimage"},"image":{"@id":"https:\/\/feracheval.ca\/en\/trade-show-quad-2013-relocated-to-ste-hyacinthe-in-full-swing\/#primaryimage"},"thumbnailUrl":"https:\/\/feracheval.ca\/wp-content\/uploads\/2013\/09\/salon-national-quad-ste-hyacinthe-2013.jpg","datePublished":"2013-09-29T00:56:18+00:00","dateModified":"2017-03-04T19:12:38+00:00","author":{"@id":"https:\/\/feracheval.ca\/en\/#\/schema\/person\/79e9dc3ffe513e42a0c0bdcd329544c7"},"breadcrumb":{"@id":"https:\/\/feracheval.ca\/en\/trade-show-quad-2013-relocated-to-ste-hyacinthe-in-full-swing\/#breadcrumb"},"inLanguage":"en-US","potentialAction":[{"@type":"ReadAction","target":["https:\/\/feracheval.ca\/en\/trade-show-quad-2013-relocated-to-ste-hyacinthe-in-full-swing\/"]}]},{"@type":"ImageObject","inLanguage":"en-US","@id":"https:\/\/feracheval.ca\/en\/trade-show-quad-2013-relocated-to-ste-hyacinthe-in-full-swing\/#primaryimage","url":"https:\/\/feracheval.ca\/wp-content\/uploads\/2013\/09\/salon-national-quad-ste-hyacinthe-2013.jpg","contentUrl":"https:\/\/feracheval.ca\/wp-content\/uploads\/2013\/09\/salon-national-quad-ste-hyacinthe-2013.jpg"},{"@type":"BreadcrumbList","@id":"https:\/\/feracheval.ca\/en\/trade-show-quad-2013-relocated-to-ste-hyacinthe-in-full-swing\/#breadcrumb","itemListElement":[{"@type":"ListItem","position":1,"name":"Accueil","item":"https:\/\/feracheval.ca\/en\/"},{"@type":"ListItem","position":2,"name":"Trade Show Quad 2013 relocated to Ste-Hyacinthe in full swing!"}]},{"@type":"WebSite","@id":"https:\/\/feracheval.ca\/en\/#website","url":"https:\/\/feracheval.ca\/en\/","name":"My Site","description":"Du r\u00eave \u00e0 la r\u00e9alit\u00e9","potentialAction":[{"@type":"SearchAction","target":{"@type":"EntryPoint","urlTemplate":"https:\/\/feracheval.ca\/en\/?s={search_term_string}"},"query-input":{"@type":"PropertyValueSpecification","valueRequired":true,"valueName":"search_term_string"}}],"inLanguage":"en-US"},{"@type":"Person","@id":"https:\/\/feracheval.ca\/en\/#\/schema\/person\/79e9dc3ffe513e42a0c0bdcd329544c7","name":"FrancoisT","image":{"@type":"ImageObject","inLanguage":"en-US","@id":"https:\/\/secure.gravatar.com\/avatar\/78fcb16a5a5e6b589d17a3c91da842e3aac1b8053c66523a4839c152fb773d7f?s=96&d=mm&r=g","url":"https:\/\/secure.gravatar.com\/avatar\/78fcb16a5a5e6b589d17a3c91da842e3aac1b8053c66523a4839c152fb773d7f?s=96&d=mm&r=g","contentUrl":"https:\/\/secure.gravatar.com\/avatar\/78fcb16a5a5e6b589d17a3c91da842e3aac1b8053c66523a4839c152fb773d7f?s=96&d=mm&r=g","caption":"FrancoisT"},"url":"https:\/\/feracheval.ca\/en\/author\/francoist\/"}]}},"_links":{"self":[{"href":"https:\/\/feracheval.ca\/en\/wp-json\/wp\/v2\/posts\/5662","targetHints":{"allow":["GET"]}}],"collection":[{"href":"https:\/\/feracheval.ca\/en\/wp-json\/wp\/v2\/posts"}],"about":[{"href":"https:\/\/feracheval.ca\/en\/wp-json\/wp\/v2\/types\/post"}],"author":[{"embeddable":true,"href":"https:\/\/feracheval.ca\/en\/wp-json\/wp\/v2\/users\/1"}],"replies":[{"embeddable":true,"href":"https:\/\/feracheval.ca\/en\/wp-json\/wp\/v2\/comments?post=5662"}],"version-history":[{"count":1,"href":"https:\/\/feracheval.ca\/en\/wp-json\/wp\/v2\/posts\/5662\/revisions"}],"predecessor-version":[{"id":9739,"href":"https:\/\/feracheval.ca\/en\/wp-json\/wp\/v2\/posts\/5662\/revisions\/9739"}],"wp:attachment":[{"href":"https:\/\/feracheval.ca\/en\/wp-json\/wp\/v2\/media?parent=5662"}],"wp:term":[{"taxonomy":"category","embeddable":true,"href":"https:\/\/feracheval.ca\/en\/wp-json\/wp\/v2\/categories?post=5662"},{"taxonomy":"post_tag","embeddable":true,"href":"https:\/\/feracheval.ca\/en\/wp-json\/wp\/v2\/tags?post=5662"}],"curies":[{"name":"wp","href":"https:\/\/api.w.org\/{rel}","templated":true}]}}